{"id":4264,"date":"2026-04-25T17:02:20","date_gmt":"2026-04-25T15:02:20","guid":{"rendered":"https:\/\/www.psises.it\/?p=4264"},"modified":"2026-04-25T17:02:20","modified_gmt":"2026-04-25T15:02:20","slug":"dove-nasce-la-violenza-legami-fragili-e-menti-sotto-pressione","status":"publish","type":"post","link":"https:\/\/www.psises.it\/?p=4264","title":{"rendered":"\u201cDove nasce la violenza: legami fragili e menti sotto pressione\u201d"},"content":{"rendered":"<h2 data-section-id=\"eeav0z\" data-start=\"443\" data-end=\"508\"><span role=\"text\"><strong data-start=\"446\" data-end=\"508\"><a href=\"https:\/\/www.psises.it\/wp-content\/uploads\/2026\/04\/dYugcsBgjat-qoVYOtI4Qoz2rHVTGSqm_wa3Rc1JUUkcbvA2vpeodo1oBcoip3cZEmHlZqmYgvHNk_8aGk5ae-q1aWR0LfZD1PYuleMAv8wMKAfi1wDf0tkQTuVK8s8owj0vWlocJpF7ZC0YkloxXqQQx9BfcxOmM1qEonXgHqWlgTGy92TUN6Wbumc16hx0.jpeg\"><img loading=\"lazy\" decoding=\"async\" class=\"alignleft size-medium wp-image-4265\" src=\"https:\/\/www.psises.it\/wp-content\/uploads\/2026\/04\/dYugcsBgjat-qoVYOtI4Qoz2rHVTGSqm_wa3Rc1JUUkcbvA2vpeodo1oBcoip3cZEmHlZqmYgvHNk_8aGk5ae-q1aWR0LfZD1PYuleMAv8wMKAfi1wDf0tkQTuVK8s8owj0vWlocJpF7ZC0YkloxXqQQx9BfcxOmM1qEonXgHqWlgTGy92TUN6Wbumc16hx0-300x200.jpeg\" alt=\"\" width=\"300\" height=\"200\" srcset=\"https:\/\/www.psises.it\/wp-content\/uploads\/2026\/04\/dYugcsBgjat-qoVYOtI4Qoz2rHVTGSqm_wa3Rc1JUUkcbvA2vpeodo1oBcoip3cZEmHlZqmYgvHNk_8aGk5ae-q1aWR0LfZD1PYuleMAv8wMKAfi1wDf0tkQTuVK8s8owj0vWlocJpF7ZC0YkloxXqQQx9BfcxOmM1qEonXgHqWlgTGy92TUN6Wbumc16hx0-200x133.jpeg 200w, https:\/\/www.psises.it\/wp-content\/uploads\/2026\/04\/dYugcsBgjat-qoVYOtI4Qoz2rHVTGSqm_wa3Rc1JUUkcbvA2vpeodo1oBcoip3cZEmHlZqmYgvHNk_8aGk5ae-q1aWR0LfZD1PYuleMAv8wMKAfi1wDf0tkQTuVK8s8owj0vWlocJpF7ZC0YkloxXqQQx9BfcxOmM1qEonXgHqWlgTGy92TUN6Wbumc16hx0-300x200.jpeg 300w, https:\/\/www.psises.it\/wp-content\/uploads\/2026\/04\/dYugcsBgjat-qoVYOtI4Qoz2rHVTGSqm_wa3Rc1JUUkcbvA2vpeodo1oBcoip3cZEmHlZqmYgvHNk_8aGk5ae-q1aWR0LfZD1PYuleMAv8wMKAfi1wDf0tkQTuVK8s8owj0vWlocJpF7ZC0YkloxXqQQx9BfcxOmM1qEonXgHqWlgTGy92TUN6Wbumc16hx0-400x267.jpeg 400w, https:\/\/www.psises.it\/wp-content\/uploads\/2026\/04\/dYugcsBgjat-qoVYOtI4Qoz2rHVTGSqm_wa3Rc1JUUkcbvA2vpeodo1oBcoip3cZEmHlZqmYgvHNk_8aGk5ae-q1aWR0LfZD1PYuleMAv8wMKAfi1wDf0tkQTuVK8s8owj0vWlocJpF7ZC0YkloxXqQQx9BfcxOmM1qEonXgHqWlgTGy92TUN6Wbumc16hx0-600x400.jpeg 600w, https:\/\/www.psises.it\/wp-content\/uploads\/2026\/04\/dYugcsBgjat-qoVYOtI4Qoz2rHVTGSqm_wa3Rc1JUUkcbvA2vpeodo1oBcoip3cZEmHlZqmYgvHNk_8aGk5ae-q1aWR0LfZD1PYuleMAv8wMKAfi1wDf0tkQTuVK8s8owj0vWlocJpF7ZC0YkloxXqQQx9BfcxOmM1qEonXgHqWlgTGy92TUN6Wbumc16hx0-768x512.jpeg 768w, https:\/\/www.psises.it\/wp-content\/uploads\/2026\/04\/dYugcsBgjat-qoVYOtI4Qoz2rHVTGSqm_wa3Rc1JUUkcbvA2vpeodo1oBcoip3cZEmHlZqmYgvHNk_8aGk5ae-q1aWR0LfZD1PYuleMAv8wMKAfi1wDf0tkQTuVK8s8owj0vWlocJpF7ZC0YkloxXqQQx9BfcxOmM1qEonXgHqWlgTGy92TUN6Wbumc16hx0-800x534.jpeg 800w, https:\/\/www.psises.it\/wp-content\/uploads\/2026\/04\/dYugcsBgjat-qoVYOtI4Qoz2rHVTGSqm_wa3Rc1JUUkcbvA2vpeodo1oBcoip3cZEmHlZqmYgvHNk_8aGk5ae-q1aWR0LfZD1PYuleMAv8wMKAfi1wDf0tkQTuVK8s8owj0vWlocJpF7ZC0YkloxXqQQx9BfcxOmM1qEonXgHqWlgTGy92TUN6Wbumc16hx0.jpeg 1000w\" sizes=\"auto, (max-width: 300px) 100vw, 300px\" \/><\/a>La violenza dei nostri tempi: cosa sta succedendo?<\/strong><\/span><\/h2>\n<p data-start=\"510\" data-end=\"798\">Negli ultimi mesi ci troviamo sempre pi\u00f9 spesso davanti a notizie che lasciano senza parole.<br data-start=\"602\" data-end=\"605\" \/><em><strong>Donne uccise da uomini che dicevano di amarle.<\/strong><\/em><br data-start=\"651\" data-end=\"654\" \/><strong><em>Ragazzi che girano con coltelli e li usano per motivi banali.<\/em><\/strong><br data-start=\"715\" data-end=\"718\" \/><strong><em>Aggressioni e omicidi per pochi euro, per uno sguardo, per una parola di troppo.<\/em><\/strong><\/p>\n<p data-start=\"800\" data-end=\"864\">Ci si abitua quasi.<br data-start=\"819\" data-end=\"822\" \/>E questa \u00e8 forse la cosa pi\u00f9 preoccupante.<\/p>\n<p data-start=\"866\" data-end=\"963\">Perch\u00e9 quando la violenza diventa \u201cnormale\u201d, smettiamo di chiederci cosa stia succedendo davvero.<\/p>\n<h3 data-section-id=\"fwlr6n\" data-start=\"970\" data-end=\"1035\"><span role=\"text\"><strong data-start=\"974\" data-end=\"1035\">Non \u00e8 solo criminalit\u00e0: \u00e8 un cambiamento del legame umano<\/strong><\/span><\/h3>\n<p data-start=\"1037\" data-end=\"1183\">Se guardiamo questi eventi solo come fatti isolati, rischiamo di non capire.<br data-start=\"1113\" data-end=\"1116\" \/>Ma se proviamo a metterli insieme, emerge qualcosa di pi\u00f9 profondo.<\/p>\n<p data-start=\"1185\" data-end=\"1298\">Non siamo solo di fronte a un aumento della violenza.<br data-start=\"1238\" data-end=\"1241\" \/>Siamo di fronte a una <strong data-start=\"1263\" data-end=\"1297\">fragilit\u00e0 crescente dei legami<\/strong>.<\/p>\n<p data-start=\"1300\" data-end=\"1416\">Molti di questi episodi hanno una caratteristica comune:<br data-start=\"1356\" data-end=\"1359\" \/><em>la difficolt\u00e0 a tollerare frustrazione, perdita, rifiuto.<\/em><\/p>\n<ul data-start=\"1418\" data-end=\"1614\">\n<li data-section-id=\"dbfc8d\" data-start=\"1418\" data-end=\"1481\">Non riesco ad accettare che l\u2019altro mi lasci \u2192 lo distruggo<\/li>\n<li data-section-id=\"14d4acc\" data-start=\"1482\" data-end=\"1547\">Non riesco a gestire una provocazione \u2192 reagisco con violenza<\/li>\n<li data-section-id=\"hd714m\" data-start=\"1548\" data-end=\"1614\">Non riesco a sopportare la mancanza \u2192 prendo ci\u00f2 che non \u00e8 mio<\/li>\n<\/ul>\n<p data-start=\"1616\" data-end=\"1677\">La violenza diventa una risposta immediata, quasi automatica.<\/p>\n<h3 data-section-id=\"1018lm8\" data-start=\"1684\" data-end=\"1742\"><span role=\"text\"><strong data-start=\"1688\" data-end=\"1742\">Un\u2019ipotesi psicologica: emozioni senza regolazione<\/strong><\/span><\/h3>\n<p data-start=\"1744\" data-end=\"1837\">Nella mia esperienza clinica, sempre pi\u00f9 persone faticano a stare dentro le proprie emozioni.<\/p>\n<p data-start=\"1839\" data-end=\"1933\">Rabbia, vergogna, umiliazione, senso di fallimento.<br data-start=\"1890\" data-end=\"1893\" \/>Sono emozioni difficili, ma inevitabili.<\/p>\n<p data-start=\"1935\" data-end=\"2021\">Il problema non \u00e8 provarle.<br data-start=\"1962\" data-end=\"1965\" \/>Il problema \u00e8 <strong data-start=\"1979\" data-end=\"2020\">non avere strumenti per attraversarle<\/strong>.<\/p>\n<p data-start=\"2023\" data-end=\"2129\">Quando manca questa capacit\u00e0, succede qualcosa di pericoloso:<br data-start=\"2084\" data-end=\"2087\" \/>l\u2019emozione non viene pensata, viene agita.<\/p>\n<p data-start=\"2131\" data-end=\"2234\">E allora la rabbia diventa aggressione.<br data-start=\"2170\" data-end=\"2173\" \/>La paura diventa controllo.<br data-start=\"2200\" data-end=\"2203\" \/>La perdita diventa distruzione.<\/p>\n<h3 data-section-id=\"3gbdev\" data-start=\"2241\" data-end=\"2308\"><span role=\"text\"><strong data-start=\"2245\" data-end=\"2308\">Il contesto in cui cresciamo conta (pi\u00f9 di quanto pensiamo)<\/strong><\/span><\/h3>\n<p data-start=\"2310\" data-end=\"2356\">Non possiamo ignorare il mondo in cui viviamo.<\/p>\n<p data-start=\"2358\" data-end=\"2414\">Un mondo veloce, esposto, competitivo, spesso solitario.<\/p>\n<ul data-start=\"2416\" data-end=\"2621\">\n<li data-section-id=\"1jj42c3\" data-start=\"2416\" data-end=\"2456\">Relazioni pi\u00f9 fragili e meno stabili<\/li>\n<li data-section-id=\"1j928u6\" data-start=\"2457\" data-end=\"2512\">Modelli maschili e femminili confusi o estremizzati<\/li>\n<li data-section-id=\"n24fxn\" data-start=\"2513\" data-end=\"2587\">Social che amplificano confronto, frustrazione, senso di inadeguatezza<\/li>\n<li data-section-id=\"10m2bqe\" data-start=\"2588\" data-end=\"2621\">Poca educazione emotiva reale<\/li>\n<\/ul>\n<p data-start=\"2623\" data-end=\"2766\">Molti ragazzi crescono senza spazi in cui imparare a gestire ci\u00f2 che sentono.<br data-start=\"2700\" data-end=\"2703\" \/>E senza adulti che possano reggere e contenere quelle emozioni.<\/p>\n<p data-start=\"2768\" data-end=\"2797\">Non \u00e8 un\u2019accusa.<br data-start=\"2784\" data-end=\"2787\" \/>\u00c8 un dato.<\/p>\n<h3 data-section-id=\"1o2plai\" data-start=\"2804\" data-end=\"2847\"><span role=\"text\"><strong data-start=\"2808\" data-end=\"2847\">La violenza come linguaggio estremo<\/strong><\/span><\/h3>\n<p data-start=\"2849\" data-end=\"2920\">In alcuni casi, la violenza diventa un modo distorto per dire qualcosa.<\/p>\n<p data-start=\"2922\" data-end=\"2978\">Non \u00e8 una giustificazione.<br data-start=\"2948\" data-end=\"2951\" \/>Ma \u00e8 una chiave di lettura.<\/p>\n<p data-start=\"2980\" data-end=\"3016\">Dietro molti gesti estremi troviamo:<\/p>\n<ul data-start=\"3018\" data-end=\"3112\">\n<li data-section-id=\"1f01eq8\" data-start=\"3018\" data-end=\"3042\">bisogno di controllo<\/li>\n<li data-section-id=\"hm9av7\" data-start=\"3043\" data-end=\"3067\">paura dell\u2019abbandono<\/li>\n<li data-section-id=\"1h7d08i\" data-start=\"3068\" data-end=\"3091\">senso di fallimento<\/li>\n<li data-section-id=\"p9a6l1\" data-start=\"3092\" data-end=\"3112\">identit\u00e0 fragile<\/li>\n<\/ul>\n<p data-start=\"3114\" data-end=\"3174\">Quando queste esperienze non trovano parole, trovano azioni.<\/p>\n<p data-start=\"3176\" data-end=\"3219\">E a volte, purtroppo, azioni irreversibili.<\/p>\n<h3 data-section-id=\"1j6klgz\" data-start=\"3226\" data-end=\"3262\"><span role=\"text\"><strong data-start=\"3230\" data-end=\"3262\">Cosa possiamo fare, davvero?<\/strong><\/span><\/h3>\n<p data-start=\"3264\" data-end=\"3348\">Qui si apre una domanda difficile.<br data-start=\"3298\" data-end=\"3301\" \/>Perch\u00e9 \u00e8 pi\u00f9 facile indignarsi che intervenire.<\/p>\n<p data-start=\"3350\" data-end=\"3404\">Ma qualcosa si pu\u00f2 fare.<br data-start=\"3374\" data-end=\"3377\" \/>E parte da livelli diversi.<\/p>\n<p data-start=\"3406\" data-end=\"3561\"><strong data-start=\"3406\" data-end=\"3427\">1. Nelle famiglie<\/strong><br data-start=\"3427\" data-end=\"3430\" \/>Aiutare i figli a riconoscere e nominare le emozioni.<br data-start=\"3483\" data-end=\"3486\" \/>Non solo dire cosa \u00e8 giusto o sbagliato, ma stare dentro a ci\u00f2 che provano.<\/p>\n<p data-start=\"3563\" data-end=\"3720\"><strong data-start=\"3563\" data-end=\"3582\">2. Nella scuola<\/strong><br data-start=\"3582\" data-end=\"3585\" \/>Lavorare sull\u2019educazione emotiva e relazionale, non solo sui contenuti.<br data-start=\"3656\" data-end=\"3659\" \/>Imparare a gestire un conflitto \u00e8 importante quanto studiare.<\/p>\n<p data-start=\"3722\" data-end=\"3872\"><strong data-start=\"3722\" data-end=\"3754\">3. Nelle relazioni di coppia<\/strong><br data-start=\"3754\" data-end=\"3757\" \/>Riconoscere i segnali di controllo, dipendenza, paura dell\u2019abbandono.<br data-start=\"3826\" data-end=\"3829\" \/>La violenza raramente nasce all\u2019improvviso.<\/p>\n<p data-start=\"3874\" data-end=\"4015\"><strong data-start=\"3874\" data-end=\"3902\">4. A livello individuale<\/strong><br data-start=\"3902\" data-end=\"3905\" \/>Chiedere aiuto non \u00e8 debolezza.<br data-start=\"3936\" data-end=\"3939\" \/>\u00c8 un modo per non arrivare al punto in cui l\u2019emozione prende il sopravvento.<\/p>\n<h3 data-section-id=\"1gy2vxo\" data-start=\"4022\" data-end=\"4052\"><span role=\"text\"><strong data-start=\"4026\" data-end=\"4052\">Una riflessione finale<\/strong><\/span><\/h3>\n<p data-start=\"4054\" data-end=\"4202\">La violenza non \u00e8 qualcosa che appartiene solo \u201cagli altri\u201d.<br data-start=\"4114\" data-end=\"4117\" \/>\u00c8 una possibilit\u00e0 umana, che emerge quando mancano strumenti, contenimento, pensiero.<\/p>\n<p data-start=\"4204\" data-end=\"4272\">Il punto non \u00e8 eliminare la rabbia.<br data-start=\"4239\" data-end=\"4242\" \/>\u00c8 imparare a <strong data-start=\"4255\" data-end=\"4271\">trasformarla<\/strong>.<\/p>\n<p data-start=\"4274\" data-end=\"4404\">Forse il lavoro pi\u00f9 importante oggi non \u00e8 controllare i comportamenti.<br data-start=\"4344\" data-end=\"4347\" \/>Ma <strong data-start=\"4350\" data-end=\"4403\">costruire menti capaci di pensare ci\u00f2 che sentono<\/strong>.<\/p>\n<p data-start=\"4406\" data-end=\"4462\">Perch\u00e9 dove c\u2019\u00e8 pensiero, la violenza trova meno spazio.<\/p>\n<p data-start=\"4406\" data-end=\"4462\">\u201cLa violenza non nasce all\u2019improvviso.<br data-start=\"2864\" data-end=\"2867\" \/>Spesso cresce nel silenzio, nella solitudine emotiva, nella difficolt\u00e0 a pensare ci\u00f2 che si prova.<br data-start=\"2967\" data-end=\"2970\" \/>E proprio l\u00ec, <em>molto prima dei fatti di cronaca, abbiamo la possibilit\u00e0 di intervenire<\/em>.\u201d<\/p>\n<h2 data-section-id=\"15thxic\" data-start=\"272\" data-end=\"318\"><span role=\"text\"><strong data-start=\"275\" data-end=\"318\">Tre storie che parlano del nostro tempo<\/strong><\/span><\/h2>\n<h3 data-section-id=\"56kjzv\" data-start=\"320\" data-end=\"368\"><span role=\"text\"><strong data-start=\"324\" data-end=\"368\">1. \u201cSe mi lasci, io non sono pi\u00f9 niente\u201d<\/strong><\/span><\/h3>\n<p data-start=\"370\" data-end=\"541\">Lui ha poco pi\u00f9 di trent\u2019anni.<br data-start=\"400\" data-end=\"403\" \/>Quando lei gli dice che vuole prendersi una pausa, non urla subito. All\u2019inizio insiste, chiama, manda messaggi. Poi controlla. Poi accusa.<\/p>\n<p data-start=\"543\" data-end=\"567\">\u201cNon puoi farmi questo.\u201d<\/p>\n<p data-start=\"569\" data-end=\"638\">Quello che colpisce non \u00e8 solo la rabbia.<br data-start=\"610\" data-end=\"613\" \/>\u00c8 il vuoto che c\u2019\u00e8 sotto.<\/p>\n<p data-start=\"640\" data-end=\"801\">Nel lavoro insieme emerge una difficolt\u00e0 profonda a stare da solo, a pensarsi senza l\u2019altro.<br data-start=\"732\" data-end=\"735\" \/>La relazione non \u00e8 un incontro, \u00e8 una <strong data-start=\"773\" data-end=\"800\">condizione di esistenza<\/strong>.<\/p>\n<p data-start=\"803\" data-end=\"884\">Quando lei si allontana, lui non perde solo una compagna.<br data-start=\"860\" data-end=\"863\" \/>Perde un pezzo di s\u00e9.<\/p>\n<p data-start=\"886\" data-end=\"1097\">In alcuni casi, \u00e8 proprio qui che il dolore rischia di trasformarsi in violenza:<br data-start=\"966\" data-end=\"969\" \/>quando la perdita diventa intollerabile e l\u2019altro smette di essere una persona, diventando qualcosa da trattenere o distruggere.<\/p>\n<hr data-start=\"1099\" data-end=\"1102\" \/>\n<h3 data-section-id=\"elbqlf\" data-start=\"1104\" data-end=\"1146\"><span role=\"text\"><strong data-start=\"1108\" data-end=\"1146\">2. \u201cNon ci ho pensato, \u00e8 successo\u201d<\/strong><\/span><\/h3>\n<p data-start=\"1148\" data-end=\"1234\">Un ragazzo poco pi\u00f9 che maggiorenne.<br data-start=\"1184\" data-end=\"1187\" \/>Una discussione, uno sguardo, una provocazione.<\/p>\n<p data-start=\"1236\" data-end=\"1291\">Aveva un coltello in tasca.<br data-start=\"1263\" data-end=\"1266\" \/>\u201cLo portano tutti\u201d, dice.<\/p>\n<p data-start=\"1293\" data-end=\"1381\">Quando racconta l\u2019episodio, la frase che ritorna \u00e8 sempre quella:<br data-start=\"1358\" data-end=\"1361\" \/>\u201cNon ci ho pensato.\u201d<\/p>\n<p data-start=\"1383\" data-end=\"1408\">E in effetti sembra vero.<\/p>\n<p data-start=\"1410\" data-end=\"1581\">Non c\u2019\u00e8 pianificazione, non c\u2019\u00e8 una storia di violenza strutturata.<br data-start=\"1477\" data-end=\"1480\" \/><em>C\u2019\u00e8 una difficolt\u00e0 enorme a fermarsi, a sentire cosa sta succedendo dentro, a fare un passo indietro.<\/em><\/p>\n<p data-start=\"1583\" data-end=\"1633\">L\u2019emozione parte e diventa azione.<br data-start=\"1617\" data-end=\"1620\" \/>Senza spazio.<\/p>\n<p data-start=\"1635\" data-end=\"1809\">Qui non siamo solo davanti a un problema di regole.<br data-start=\"1686\" data-end=\"1689\" \/>Siamo davanti a una <strong data-start=\"1709\" data-end=\"1738\">mancanza di tempo interno<\/strong>, di quello spazio mentale che permette di scegliere invece di reagire.<\/p>\n<hr data-start=\"1811\" data-end=\"1814\" \/>\n<h3 data-section-id=\"krk5st\" data-start=\"1816\" data-end=\"1864\"><span role=\"text\"><strong data-start=\"1820\" data-end=\"1864\">3. \u201cPer 20 euro non puoi trattarmi cos\u00ec\u201d<\/strong><\/span><\/h3>\n<p data-start=\"1866\" data-end=\"1969\">Un uomo adulto, una vita apparentemente normale.<br data-start=\"1914\" data-end=\"1917\" \/>Un episodio banale: una discussione per pochi soldi.<\/p>\n<p data-start=\"1971\" data-end=\"2081\">Ma quello che si accende non riguarda i 20 euro.<br data-start=\"2019\" data-end=\"2022\" \/>Riguarda <em>il sentirsi umiliato, svalutato, non riconosciuto.<\/em><\/p>\n<p data-start=\"2083\" data-end=\"2111\">\u201cMi ha mancato di rispetto.\u201d<\/p>\n<p data-start=\"2113\" data-end=\"2218\">Quella frase diventa il centro.<br data-start=\"2144\" data-end=\"2147\" \/>E da l\u00ec parte un\u2019escalation che, vista da fuori, sembra sproporzionata.<\/p>\n<p data-start=\"2220\" data-end=\"2256\">Ma dentro, in quel momento, \u00e8 tutto.<\/p>\n<p data-start=\"2258\" data-end=\"2388\">In queste situazioni <em>la violenza non nasce dalla gravit\u00e0 dell\u2019evento,<\/em><br data-start=\"2327\" data-end=\"2330\" \/><em>ma dal significato che quell\u2019evento assume per la persona.<\/em><\/p>\n<p data-start=\"2390\" data-end=\"2470\">Quando <strong><em>l\u2019identit\u00e0 \u00e8 fragile, anche un piccolo urto pu\u00f2 diventare insopportabile.<\/em><\/strong><\/p>\n<h2 data-section-id=\"j9usrg\" data-start=\"271\" data-end=\"300\">Bibliografia commentata<\/h2>\n<ul data-start=\"302\" data-end=\"693\">\n<li data-section-id=\"1i8dufp\" data-start=\"302\" data-end=\"693\"><strong><em><span class=\"hover:entity-accent entity-underline inline cursor-pointer align-baseline\"><span class=\"whitespace-normal\">Amore liquido<\/span><\/span> \u2013 di <span class=\"hover:entity-accent entity-underline inline cursor-pointer align-baseline\"><span class=\"whitespace-normal\">Zygmunt Bauman<\/span><\/span><\/em><\/strong><br data-start=\"384\" data-end=\"387\" \/>Bauman descrive una societ\u00e0 in cui i legami sono diventati pi\u00f9 fragili, temporanei e facilmente sostituibili. Questo aiuta a comprendere perch\u00e9 oggi molte relazioni non riescono a reggere frustrazione, separazione o conflitto, e come la paura della perdita possa trasformarsi in controllo o aggressivit\u00e0.<\/li>\n<li data-section-id=\"owmff5\" data-start=\"700\" data-end=\"1063\"><strong><em><span class=\"hover:entity-accent entity-underline inline cursor-pointer align-baseline\"><span class=\"whitespace-normal\">Il complesso di Telemaco<\/span><\/span> \u2013 di <span class=\"hover:entity-accent entity-underline inline cursor-pointer align-baseline\"><span class=\"whitespace-normal\">Massimo Recalcati<\/span><\/span><\/em><\/strong><br data-start=\"782\" data-end=\"785\" \/>Il libro riflette sulla crisi della figura paterna e sull\u2019assenza di riferimenti autorevoli nelle nuove generazioni. Questo vuoto pu\u00f2 rendere pi\u00f9 difficile per i giovani costruire limiti interni, tollerare le frustrazioni e sviluppare un senso di responsabilit\u00e0 verso l\u2019altro.<\/li>\n<li data-section-id=\"15gdwe\" data-start=\"1070\" data-end=\"1402\"><strong><em><span class=\"hover:entity-accent entity-underline inline cursor-pointer align-baseline\"><span class=\"whitespace-normal\">La mente giusta<\/span><\/span> \u2013 di <span class=\"hover:entity-accent entity-underline inline cursor-pointer align-baseline\"><span class=\"whitespace-normal\">Jonathan Haidt<\/span><\/span><\/em><\/strong><br data-start=\"1152\" data-end=\"1155\" \/>Haidt spiega come le nostre reazioni morali siano spesso rapide, emotive e poco riflessive. Questo modello aiuta a capire perch\u00e9, in certe situazioni, le persone reagiscono in modo impulsivo e violento senza passare da un\u2019elaborazione razionale.<\/li>\n<li data-section-id=\"1hng482\" data-start=\"1409\" data-end=\"1718\"><em><strong><span class=\"hover:entity-accent entity-underline inline cursor-pointer align-baseline\"><span class=\"whitespace-normal\">La mente relazionale<\/span><\/span> \u2013 di <span class=\"hover:entity-accent entity-underline inline cursor-pointer align-baseline\"><span class=\"whitespace-normal\">Daniel Siegel<\/span><\/span><\/strong><\/em><br data-start=\"1491\" data-end=\"1494\" \/>Siegel mostra come la capacit\u00e0 di regolare le emozioni si costruisca nelle relazioni. Quando questa integrazione manca, le emozioni diventano ingestibili e possono trasformarsi in comportamenti disorganizzati o aggressivi.<\/li>\n<li data-section-id=\"15msdxx\" data-start=\"1725\" data-end=\"2098\"><em><strong><span class=\"hover:entity-accent entity-underline inline cursor-pointer align-baseline\"><span class=\"whitespace-normal\">Verso un\u2019ecologia della mente<\/span><\/span> \u2013 di <span class=\"hover:entity-accent entity-underline inline cursor-pointer align-baseline\"><span class=\"whitespace-normal\">Gregory Bateson<\/span><\/span><\/strong><\/em><br data-start=\"1807\" data-end=\"1810\" \/>Bateson propone una visione sistemica: il comportamento umano non pu\u00f2 essere capito isolando l\u2019individuo, ma osservando le relazioni e i contesti. La violenza, in questa prospettiva, \u00e8 un fenomeno che emerge da sistemi relazionali disfunzionali, non solo da caratteristiche individuali.<\/li>\n<\/ul>\n<p data-start=\"4406\" data-end=\"4462\">\n","protected":false},"excerpt":{"rendered":"<p>La violenza dei nostri tempi: cosa sta succedendo? Negli ultimi mesi ci troviamo sempre pi\u00f9 spesso davanti a notizie che lasciano senza parole.Donne uccise da uomini che dicevano di amarle.Ragazzi che girano con coltelli e li usano per motivi banali.Aggressioni e omicidi per pochi euro, per uno sguardo, per una parola di troppo. Ci si [&hellip;]<\/p>\n","protected":false},"author":2,"featured_media":0,"comment_status":"closed","ping_status":"open","sticky":false,"template":"","format":"standard","meta":{"footnotes":""},"categories":[6,662],"tags":[934,933,932,931],"class_list":["post-4264","post","type-post","status-publish","format-standard","hentry","category-articoli","category-psicologia","tag-agiti-aggressivi","tag-femminicidi","tag-identita-fragile","tag-violenza"],"_links":{"self":[{"href":"https:\/\/www.psises.it\/index.php?rest_route=\/wp\/v2\/posts\/4264","targetHints":{"allow":["GET"]}}],"collection":[{"href":"https:\/\/www.psises.it\/index.php?rest_route=\/wp\/v2\/posts"}],"about":[{"href":"https:\/\/www.psises.it\/index.php?rest_route=\/wp\/v2\/types\/post"}],"author":[{"embeddable":true,"href":"https:\/\/www.psises.it\/index.php?rest_route=\/wp\/v2\/users\/2"}],"replies":[{"embeddable":true,"href":"https:\/\/www.psises.it\/index.php?rest_route=%2Fwp%2Fv2%2Fcomments&post=4264"}],"version-history":[{"count":1,"href":"https:\/\/www.psises.it\/index.php?rest_route=\/wp\/v2\/posts\/4264\/revisions"}],"predecessor-version":[{"id":4266,"href":"https:\/\/www.psises.it\/index.php?rest_route=\/wp\/v2\/posts\/4264\/revisions\/4266"}],"wp:attachment":[{"href":"https:\/\/www.psises.it\/index.php?rest_route=%2Fwp%2Fv2%2Fmedia&parent=4264"}],"wp:term":[{"taxonomy":"category","embeddable":true,"href":"https:\/\/www.psises.it\/index.php?rest_route=%2Fwp%2Fv2%2Fcategories&post=4264"},{"taxonomy":"post_tag","embeddable":true,"href":"https:\/\/www.psises.it\/index.php?rest_route=%2Fwp%2Fv2%2Ftags&post=4264"}],"curies":[{"name":"wp","href":"https:\/\/api.w.org\/{rel}","templated":true}]}}