{"id":4230,"date":"2025-11-02T00:43:51","date_gmt":"2025-11-01T23:43:51","guid":{"rendered":"https:\/\/www.psises.it\/?p=4230"},"modified":"2025-11-02T00:43:51","modified_gmt":"2025-11-01T23:43:51","slug":"il-mio-infinito-il-dialogo-con-chi-resta-in-noi","status":"publish","type":"post","link":"https:\/\/www.psises.it\/?p=4230","title":{"rendered":"\u201cIl mio infinito: il dialogo con chi resta in noi\u201d"},"content":{"rendered":"<p><a href=\"https:\/\/www.psises.it\/wp-content\/uploads\/2025\/11\/IMG_2045.jpg\"><img loading=\"lazy\" decoding=\"async\" class=\"size-medium wp-image-4231\" src=\"https:\/\/www.psises.it\/wp-content\/uploads\/2025\/11\/IMG_2045-213x300.jpg\" alt=\"\" width=\"213\" height=\"300\" srcset=\"https:\/\/www.psises.it\/wp-content\/uploads\/2025\/11\/IMG_2045-200x282.jpg 200w, https:\/\/www.psises.it\/wp-content\/uploads\/2025\/11\/IMG_2045-213x300.jpg 213w, https:\/\/www.psises.it\/wp-content\/uploads\/2025\/11\/IMG_2045-400x564.jpg 400w, https:\/\/www.psises.it\/wp-content\/uploads\/2025\/11\/IMG_2045-600x845.jpg 600w, https:\/\/www.psises.it\/wp-content\/uploads\/2025\/11\/IMG_2045-727x1024.jpg 727w, https:\/\/www.psises.it\/wp-content\/uploads\/2025\/11\/IMG_2045-768x1082.jpg 768w, https:\/\/www.psises.it\/wp-content\/uploads\/2025\/11\/IMG_2045-800x1127.jpg 800w, https:\/\/www.psises.it\/wp-content\/uploads\/2025\/11\/IMG_2045-1090x1536.jpg 1090w, https:\/\/www.psises.it\/wp-content\/uploads\/2025\/11\/IMG_2045.jpg 1125w\" sizes=\"auto, (max-width: 213px) 100vw, 213px\" \/><\/a><\/p>\n<p>Ci sono giorni in cui il confine tra vita e morte sembra assottigliarsi.<\/p>\n<p>Il 2 novembre \u00e8 uno di quei giorni: non un rito di malinconia, ma un momento di dialogo silenzioso con chi non c\u2019\u00e8 pi\u00f9.<\/p>\n<p>Val\u00e9rie Perrin scriveva: \u201c<strong>C\u2019\u00e8 qualcosa di pi\u00f9 forte della morte: \u00e8 la presenza degli assenti nella memoria dei vivi.\u201d<\/strong><\/p>\n<p>\u00c8 un pensiero che attraversa ognuno di noi \u2014 terapeuti, figli, genitori, uomini e donne che ogni giorno accompagnano e sono accompagnati dal ricordo.<\/p>\n<p><em>La memoria<\/em> non \u00e8 un archivio, ma una relazione viva. <em>\u00c8 il modo in cui continuiamo a far esistere l\u2019altro dentro di noi, a sentirne l\u2019odore, la voce, il gesto.<\/em><\/p>\n<p>Nel racconto \u201cIl mio infinito\u201d ho provato a dare voce a questa presenza.<\/p>\n<p>Un uomo, prossimo alla morte, si ritrova a sognare il mare di Sardegna, lo stesso dove anni prima un padre aveva disperso le ceneri della figlia. Quel mare diventa simbolo di un passaggio: non la fine, ma un luogo di unione.<\/p>\n<p><em>L\u00ec la morte smette di essere assenza e diventa continuit\u00e0.<\/em><\/p>\n<p>Come dice il protagonista: <em>\u201c&#8230; mi sforzo di riaprire gli occhi e guardarti ancora, nel tentativo di portati via con me per raggiungere insieme il mio infinito, quello di Chiara, di mia madre e di mio padre, quello che i cattolici chiamano Paradiso\u201d<\/em><\/p>\n<p>Rileggendo oggi le parole di Borges su \u201cL\u2019immortale\u201d \u2014 dove vivere per sempre diventa una condanna e non un privilegio \u2014 appare chiaro quanto <strong>la mortalit\u00e0 sia ci\u00f2 che d\u00e0 senso alla vita.<\/strong><\/p>\n<p><em>Senza il limite non esisterebbe il valore dell\u2019istante<\/em>.<\/p>\n<p><em>Senza la fine non ci sarebbe il desiderio, n\u00e9 l\u2019amore.<\/em><\/p>\n<p><em>Essere vivi significa accettare di finire.<\/em><\/p>\n<p><em>Essere mortali significa imparare a lasciare un segno, un ricordo, una voce che resti.<\/em><\/p>\n<p>Come scrivevo allora, nel silenzio di quella scogliera a picco sul mare:<\/p>\n<p><em>\u201cMi piacerebbe dirle di portare le mie ceneri in Sardegna, nel posto in cui volarono le ceneri di Chiara\u2026 per raggiungere insieme il mio infinito.\u201d<\/em><\/p>\n<p>&nbsp;<\/p>\n<p><b>Bibliografia<\/b><\/p>\n<p><em>Borges, J. L. (2013). L\u2019Aleph. Milano: Feltrinelli.<\/em><\/p>\n<p><em>Perrin, V. (2018). Cambiare l\u2019acqua ai fiori. Milano: Edizioni e\/o.<\/em><\/p>\n<p><em>Pascale, A. (2024). Il manuale della buona morte. In Mind \u2013 L\u2019amore raccontato, n. 10, ottobre 2024, pp. 6-9.<\/em><\/p>\n<p><em>Johnson, B. (2023). Blueprint Project. [Online].<\/em><\/p>\n<p><em>Bateson, G. (1972). Verso un\u2019ecologia della mente. Milano: Adelphi.<\/em><\/p>\n<p><em>Telfener, U., &amp; Vigan\u00f2, M. (a cura di) (2016). Complessit\u00e0 e psicoterapia sistemica. Milano: Raffaello Cortina.<\/em><\/p>\n<p><em>Tarantini, P. (2017). Il mio infinito. [Racconto inedito vincitore del Premio Espressioni di Cura].<\/em><\/p>\n","protected":false},"excerpt":{"rendered":"<p>Ci sono giorni in cui il confine tra vita e morte sembra assottigliarsi. Il 2 novembre \u00e8 uno di quei giorni: non un rito di malinconia, ma un momento di dialogo silenzioso con chi non c\u2019\u00e8 pi\u00f9. Val\u00e9rie Perrin scriveva: \u201cC\u2019\u00e8 qualcosa di pi\u00f9 forte della morte: \u00e8 la presenza degli assenti nella memoria dei [&hellip;]<\/p>\n","protected":false},"author":2,"featured_media":0,"comment_status":"closed","ping_status":"open","sticky":false,"template":"","format":"standard","meta":{"footnotes":""},"categories":[6,662],"tags":[897,893,732,894,895,883,898,900,896,899],"class_list":["post-4230","post","type-post","status-publish","format-standard","hentry","category-articoli","category-psicologia","tag-borges","tag-giorno-dei-morti","tag-il-mio-infinito","tag-memoriaevita","tag-presenza-degli-assenti","tag-psicoterapia-sistemica","tag-riflessioni-sulla-morte","tag-telfener-umberta","tag-valerie-perrin","tag-vivere-limmortalita"],"_links":{"self":[{"href":"https:\/\/www.psises.it\/index.php?rest_route=\/wp\/v2\/posts\/4230","targetHints":{"allow":["GET"]}}],"collection":[{"href":"https:\/\/www.psises.it\/index.php?rest_route=\/wp\/v2\/posts"}],"about":[{"href":"https:\/\/www.psises.it\/index.php?rest_route=\/wp\/v2\/types\/post"}],"author":[{"embeddable":true,"href":"https:\/\/www.psises.it\/index.php?rest_route=\/wp\/v2\/users\/2"}],"replies":[{"embeddable":true,"href":"https:\/\/www.psises.it\/index.php?rest_route=%2Fwp%2Fv2%2Fcomments&post=4230"}],"version-history":[{"count":4,"href":"https:\/\/www.psises.it\/index.php?rest_route=\/wp\/v2\/posts\/4230\/revisions"}],"predecessor-version":[{"id":4235,"href":"https:\/\/www.psises.it\/index.php?rest_route=\/wp\/v2\/posts\/4230\/revisions\/4235"}],"wp:attachment":[{"href":"https:\/\/www.psises.it\/index.php?rest_route=%2Fwp%2Fv2%2Fmedia&parent=4230"}],"wp:term":[{"taxonomy":"category","embeddable":true,"href":"https:\/\/www.psises.it\/index.php?rest_route=%2Fwp%2Fv2%2Fcategories&post=4230"},{"taxonomy":"post_tag","embeddable":true,"href":"https:\/\/www.psises.it\/index.php?rest_route=%2Fwp%2Fv2%2Ftags&post=4230"}],"curies":[{"name":"wp","href":"https:\/\/api.w.org\/{rel}","templated":true}]}}