{"id":3511,"date":"2016-12-16T14:57:31","date_gmt":"2016-12-16T13:57:31","guid":{"rendered":"http:\/\/www.psises.it\/?p=3511"},"modified":"2020-03-24T10:42:15","modified_gmt":"2020-03-24T09:42:15","slug":"vostri-commenti-al-libro-immagini-indelebili","status":"publish","type":"post","link":"https:\/\/www.psises.it\/?p=3511","title":{"rendered":"I vostri commenti al libro Immagini Indelebili"},"content":{"rendered":"<p><a href=\"http:\/\/www.psises.it\/wp-content\/uploads\/2016\/09\/immagini-indelebili-copertina.png\"><img loading=\"lazy\" decoding=\"async\" class=\"alignleft size-medium wp-image-3453\" src=\"http:\/\/www.psises.it\/wp-content\/uploads\/2016\/09\/immagini-indelebili-copertina-246x300.png\" alt=\"immagini-indelebili-copertina\" width=\"246\" height=\"300\" srcset=\"https:\/\/www.psises.it\/wp-content\/uploads\/2016\/09\/immagini-indelebili-copertina-246x300.png 246w, https:\/\/www.psises.it\/wp-content\/uploads\/2016\/09\/immagini-indelebili-copertina-768x937.png 768w, https:\/\/www.psises.it\/wp-content\/uploads\/2016\/09\/immagini-indelebili-copertina-839x1024.png 839w, https:\/\/www.psises.it\/wp-content\/uploads\/2016\/09\/immagini-indelebili-copertina.png 922w\" sizes=\"auto, (max-width: 246px) 100vw, 246px\" \/><\/a><\/p>\n<p>Nell&#8217;ultima pagina del mio libro Immagini Indelebili scrivo: <strong>un abbraccio a voi cari lettori, mi aspetto l&#8217;invio delle vostre immagini indelebili e il racconto di tanti inizi, semplici e leggeri.<\/strong><\/p>\n<p>Ringrazio tutti coloro mi hanno inviato\u00a0un commento con un piccolo racconto\u00a0che cercher\u00f2 di pubblicare.<\/p>\n<p>Ieri mi \u00e8 arrivato uno scritto di una mia amica che ci tengo (autorizzato da lei) a raccontare.<\/p>\n<p><em>Ciao Pasquale<\/em><\/p>\n<p><em>un grande grazie per l&#8217;emozioni che mi ha trasmesso il tuo libro &#8220;Immagini Indelebili&#8221;, considera che per paura di perderne anche solo una , sono ben due volte che lo leggo e temo fortemente che presto arrivi anche la terza. Sono giorni che apro alcune pagine poi le richiudo e piano piano ho capito perch\u00e9, la paura e l&#8217;angoscia della mia &#8220;immagine indelebile&#8221; \u00e8 ancora tanta e credo che il tuo suggerimento per noi lettori di scriverti sia proprio arrivato al momento giusto. Eccomi qua sono Luisa (nome di fantasia), diciamo che non \u00e8 semplice esprimere con la scrittura il trauma che questa mia immagine mi ha procurato, tante erano le emozioni di quel momento&#8230; paura, panico, il non capire cosa mi stava accadendo, il cercare di bloccare la mente stringendomi la testa fortemente con le mani per fermare i pensieri, ma non \u00e8 stato sufficiente, ormai era arrivato il momento di fare i conti con tutto quello che per una vita ho cercato di nascondermi. S\u00ec era arrivato il momento di fare i conti con tutto quello che per una vita ho cercato di nascondermi. S\u00ec era arrivato il momento&#8230; in un pomeriggio in apparenza normale, avevo appena finito di pranzare insieme a mio marito e mio figlio, siamo scesi in giardino e insieme a noi sono scese anche tutte le discussioni che avevano accompagnato il pranzo, la rabbia era la compagna di quel momento e lo sguardo di mio figlio \u00e8 stata la miccia che ha fatto esplodere la bomba che era in me&#8230; s\u00ec cos\u00ec semplicemente (si fa per dire)&#8230; quanta paura&#8230; sono corsa in casa per cercare di nascondermi agli occhi di mio marito e mio figlio, sono corsa in bagno&#8230; ricordo di aver guardato lo specchio s\u00ec ero io, mi sono asciugata gli occhi colmi di lacrime, s\u00ec ero io, il cuore batteva talmente forte da bloccare il respiro. Mi bagno il viso con acqua fredda, mi voglio svegliare da questo incubo, cerco di respirare con calma&#8230; <strong>piano piano<\/strong> &#8230; mi asciugo dal sudore&#8230; questi tremori gelidi non mi fanno star bene, mi devo calmare, non \u00e8 credibile, non \u00e8 vero, sar\u00e0 frutto della mia fantasia, sar\u00f2 troppo provata ultimamente, la mia mente mi sta facendo dei brutti scherzi, ma <strong>piano piano<\/strong> posso farcela e pian piano sto trovando il coraggio di scrivere la mia Immagine Indelebile, la mia \u00e8 <strong>l&#8217;Immagine Indelebile di un Abuso<\/strong>. S\u00ec, proprio cos\u00ec, un abuso&#8230; ecco ci sono riuscita&#8230; l&#8217;ho scritto. Prendo fiato un attimo e riparto. Dunque&#8230; lo spavento di quel momento \u00e8 stato enorme anche perch\u00e9 ero tornata la Luisa\u00a0di tanti anzi tantissimi anni prima, avevo circa cinque o forse sei anni&#8230; che bella bambina nel mio vestitino blu con colletto bianco, calzettoni di cotone bianchi traforati, che belle le freccine legate da un piccolo nastrino rosa di raso ma c&#8217;\u00e8 una puzza nauseante, che brutto odore mamma mia a volte lo sento ancora e mi disgusta&#8230;<strong> piano piano<\/strong>&#8230; i miei genitori ai tempi avevano un allevamento di polli dove c&#8217;era anche la nostra casa in campagna, ecco questo odore&#8230; mia madre al pomeriggio andava nei capannoni a portare l&#8217;acqua a quei poveri polli ed io spesso andavo a trovarla, mio Dio quanti sono, che confusione, tante gabbie una sopra all&#8217;altra e per arrivare all&#8217;ultima gabbia serviva la scala, maledetta quella scala&#8230; c&#8217;\u00e8 poca luce&#8230; mia madre non c&#8217;\u00e8&#8230; c&#8217;\u00e8 tanto rumore e puzza ma vedo la scala , mi avvicino e vedo l&#8217;operaio dei miei genitori sulla scala. Il suo nome \u00e8 P. lo conosco e non ho paura, mi avvicino&#8230; ciabatte di cuoio marroni, pantaloncini corti beige a gamba larga e canottiera bianca a costine. Quanto \u00e8 brutto e sporco che puzza ma io so di essere tornata pi\u00f9 volte sotto quella maledetta scala, il ricordo comincia a farsi confuso ed \u00e8 molto difficile continuare. Ecco arriva il vomito, un nodo in gola e continuo a tenere la bocca serrata al punto di provare dolore&#8230; il corpo parla e io lo ascolto adesso, non mi nascondo pi\u00f9, so perch\u00e9 mi sta succedendo adesso, so perch\u00e9. Penso che mi abbia abbassato i pantaloni&#8230;. <strong>piano piano<\/strong>. <\/em><\/p>\n<p><em>Mio padre un giorno litigando furiosamente con mia madre mi mand\u00f2 in cucina a prendere un coltello&#8230; Luisa\u00a0v\u00e0 in cuseina a tor un culle, al mas al mas e t\u00e8 deficeinta in du seret? a va a Curess al mas&#8230;&#8230; ti pregio mamma corri ho paura tanta paura corri prendi il coltello scappo&#8230; scappo &#8230; corro via&#8230; che paura, corro veloce gi\u00f9 dalle scale corro respiro, sto bene in spalla da lei, mi stringe forte, la paura \u00e8 passata, ma non capisco bene il coltello, uccidere&#8230; non capisco bene e per circa quarantotto anni ho fatto in modo di non capire. Comunque &#8230; un bel respiro e proseguo&#8230; mio padre non ha ucciso nessuno e P. non si \u00e8 pi\u00f9 visto a casa nostra. Quanta strada ho fatto e quanta ancora devo farne&#8230; <strong>piano piano.<\/strong>.. ma ho fiducia, non sono sola&#8230; insieme cercando di mettere ordine&#8230;. Ecco \u00e8 arrivata la notte e la mia mente comincia ad andare in giro tra le tante immagini indelebili pi\u00f9 o meno confuse&#8230; la notte&#8230;un momento estremamente importante per me, sono sola, ho bisogno di rimanere sola, non che di giorno non lo sia, ma di notte \u00e8 tutto pi\u00f9 calmo, pi\u00f9 pacato, pi\u00f9 tranquillo, dovrei dormire&#8230;<\/em><\/p>\n<p><em>Comunque, dopo questo evento riesco a darmi tante risposte e spiegazioni, tanto della mia vita \u00e8 stato compromesso, ma io desidero tanto viverla finalmente questa vita, la mia&#8230; finalmente libera, finalmente me stessa&#8230; finalmente Luisa\u00a0bambina e adulta finalmente insieme dopo tanto tempo&#8230; Un ringraziamento a mio figlio Carlo per aver acceso la miccia. Con grande affetto e stima.\u00a0<\/em><\/p>\n<p>Cara Luisa\u00a0grazie, grazie e ancora grazie infinite e di cuore. Non \u00e8 immaginabile quello che l&#8217;abuso lascia nelle persone. In queste tue parole hai regalato, con semplicit\u00e0 e coraggio, le tue immagini indelebili, che chiamerei<strong> immagini irricordabili<\/strong>. Piano piano le hai tirate fuori, confuse, dolorose, angoscianti. La parte sul percorso terapeutico l&#8217;ho volutamente omessa, il tuo tirare fuori a distanza di anni \u00e8 un atto di grande\u00a0coraggio e di sfida. Il tuo brano diviene l&#8217;invito a chi legge di avere la tua stessa forza, per poter denunciare e bloccare l&#8217;ancora alto tasso\u00a0di abusi che feriscono i bambini in tutto il mondo. Tu hai dato il tuo contributo, che se anche non riuscir\u00e0 a avere un riscontro planetario, non salver\u00e0 il mondo dagli orchi, rimarr\u00e0 eroico anche bastasse a fremere un solo abuso. Per quel che riguarda la nuova Luisa\u00a0questo articolo \u00e8 il segnale della tua ripresa. Siamo tutti con te, quell&#8217;uomo (quel decerebrato) ti ha tolto tanto, ma la tua capacit\u00e0 di resilienza \u00e8 la dimostrazione che nonostante le nostra ferite, le immagini di malattia, di morte, di abuso, possiamo farcela e tornare a una nuova vita, darci un&#8217;altra possibilit\u00e0. Attendo come sempre i commenti dei lettori.<\/p>\n<p>&nbsp;<\/p>\n","protected":false},"excerpt":{"rendered":"<p>Nell&#8217;ultima pagina del mio libro Immagini Indelebili scrivo: un abbraccio a voi cari lettori, mi aspetto l&#8217;invio delle vostre immagini indelebili e il racconto di tanti inizi, semplici e leggeri. Ringrazio tutti coloro mi hanno inviato\u00a0un commento con un piccolo racconto\u00a0che cercher\u00f2 di pubblicare. Ieri mi \u00e8 arrivato uno scritto di una mia amica che [&hellip;]<\/p>\n","protected":false},"author":2,"featured_media":0,"comment_status":"closed","ping_status":"open","sticky":false,"template":"","format":"standard","meta":{"footnotes":""},"categories":[6,662],"tags":[99,674,696],"class_list":["post-3511","post","type-post","status-publish","format-standard","hentry","category-articoli","category-psicologia","tag-abuso","tag-immagini-indelebili","tag-orco"],"_links":{"self":[{"href":"https:\/\/www.psises.it\/index.php?rest_route=\/wp\/v2\/posts\/3511","targetHints":{"allow":["GET"]}}],"collection":[{"href":"https:\/\/www.psises.it\/index.php?rest_route=\/wp\/v2\/posts"}],"about":[{"href":"https:\/\/www.psises.it\/index.php?rest_route=\/wp\/v2\/types\/post"}],"author":[{"embeddable":true,"href":"https:\/\/www.psises.it\/index.php?rest_route=\/wp\/v2\/users\/2"}],"replies":[{"embeddable":true,"href":"https:\/\/www.psises.it\/index.php?rest_route=%2Fwp%2Fv2%2Fcomments&post=3511"}],"version-history":[{"count":2,"href":"https:\/\/www.psises.it\/index.php?rest_route=\/wp\/v2\/posts\/3511\/revisions"}],"predecessor-version":[{"id":3513,"href":"https:\/\/www.psises.it\/index.php?rest_route=\/wp\/v2\/posts\/3511\/revisions\/3513"}],"wp:attachment":[{"href":"https:\/\/www.psises.it\/index.php?rest_route=%2Fwp%2Fv2%2Fmedia&parent=3511"}],"wp:term":[{"taxonomy":"category","embeddable":true,"href":"https:\/\/www.psises.it\/index.php?rest_route=%2Fwp%2Fv2%2Fcategories&post=3511"},{"taxonomy":"post_tag","embeddable":true,"href":"https:\/\/www.psises.it\/index.php?rest_route=%2Fwp%2Fv2%2Ftags&post=3511"}],"curies":[{"name":"wp","href":"https:\/\/api.w.org\/{rel}","templated":true}]}}