{"id":2903,"date":"2014-09-04T15:13:12","date_gmt":"2014-09-04T13:13:12","guid":{"rendered":"http:\/\/www.psises.it\/?p=2903"},"modified":"2020-03-24T10:42:17","modified_gmt":"2020-03-24T09:42:17","slug":"viaggio-alla-scoperta-di-se-tra-appartenenza-individuazione","status":"publish","type":"post","link":"https:\/\/www.psises.it\/?p=2903","title":{"rendered":"Un viaggio alla scoperta di S\u00e9 tra appartenenza e individuazione."},"content":{"rendered":"<p><strong><a href=\"http:\/\/www.psises.it\/wp-content\/uploads\/2014\/09\/sgalambro.jpg\"><img loading=\"lazy\" decoding=\"async\" class=\"alignleft size-medium wp-image-2907\" title=\"sgalambro\" src=\"http:\/\/www.psises.it\/wp-content\/uploads\/2014\/09\/sgalambro-300x187.jpg\" alt=\"\" width=\"300\" height=\"187\" srcset=\"https:\/\/www.psises.it\/wp-content\/uploads\/2014\/09\/sgalambro-300x187.jpg 300w, https:\/\/www.psises.it\/wp-content\/uploads\/2014\/09\/sgalambro.jpg 960w\" sizes=\"auto, (max-width: 300px) 100vw, 300px\" \/><\/a><\/strong><\/p>\n<p>Con immenso piacere sono a presentarvi un seminario che vedr\u00e0 me dott. Pasquale Tarantini e la dott.ssa Daniela De Vito, partecipanti in qualit\u00e0 di ospiti, su invito della collega Dott. Vera Sgalambro. I colleghi e gli interessati possono rivolgersi ai numeri sotto riportati per ricevere informazioni.<\/p>\n<p><strong>CEF Centro di Ecologia Familiare<\/strong><\/p>\n<p>Presenta:<\/p>\n<div>\n<p>UN VIAGGIO ALLA SCOPERTA DI SE\u2019 TRA APPARTENENZA E INDIVIDUAZIONE<\/p>\n<p>Seminario esperenziale \u00a0sulla psicoterapia di gruppo ad orientamento sistemico relazionale.<\/p>\n<p>Il Seminario \u00e8 nato dall\u2019idea di offrire a Psicologi e Psicoterapeuti uno spazio di informazione e confronto sugli aspetti teorici ed applicativi della Psicoterapia di Gruppo ad orientamento Sistemico Relazionale.<\/p>\n<p>All\u2019interno della giornata \u00e8 previsto uno spazio di attivit\u00e0 esperenziali nel quale i partecipanti potranno sperimentare su di s\u00e9 alcune delle tecniche presentate.<\/p>\n<p><span style=\"text-decoration: underline;\"><strong><span style=\"color: #ff0000; text-decoration: underline;\">27 Settembre 2014 &#8211; presso la Sala Consiliare Caduti di Nassiriya &#8211; Piazza Capitaniato (sotto il volto dell\u2019orologio) a Padova<\/span><\/strong><\/span><\/p>\n<p><em><strong>L\u2019evento \u00e8 organizzato dal Centro di Ecologia Familiare di Este (Pd) e patrocinato dall\u2019Ordine degli Psicologi della Regione Veneto prevede la partecipazione gratuita.<\/strong><\/em><\/p>\n<p><strong>I Referenti\u00a0<\/strong><\/p>\n<p><strong>Dott. Antonio Parodi &#8211; Psicologo Psicoterapeuta<\/strong><\/p>\n<p><strong>Dott.ssa Venera Sgalambro &#8211; Psicologa Psicoterapeuta<\/strong><\/p>\n<p><em>\u00a0Per informazioni:<\/em><\/p>\n<p><em>\u00a0Email: <a href=\"mailto:gruppiesistemi@gmail.com\">gruppiesistemi@gmail.com<\/a><\/em><\/p>\n<p><em>\u00a0Dott.ssa Milly Batti\u00a0<\/em><\/p>\n<p><em>Psicologa Psicoterapeuta<\/em><\/p>\n<p><em>cell. 338.8400549<\/em><\/p>\n<p><em>\u00a0Dott.ssa Mara Paola Germani \u00a0<\/em><\/p>\n<p><em>Psicologa Psicoterapeuta<\/em><\/p>\n<p><em>cell. 349.2880994<\/em><\/p>\n<p>&nbsp;<\/p>\n<\/div>\n","protected":false},"excerpt":{"rendered":"<p>Con immenso piacere sono a presentarvi un seminario che vedr\u00e0 me dott. Pasquale Tarantini e la dott.ssa Daniela De Vito, partecipanti in qualit\u00e0 di ospiti, su invito della collega Dott. Vera Sgalambro. I colleghi e gli interessati possono rivolgersi ai numeri sotto riportati per ricevere informazioni. CEF Centro di Ecologia Familiare Presenta: UN VIAGGIO ALLA [&hellip;]<\/p>\n","protected":false},"author":2,"featured_media":0,"comment_status":"open","ping_status":"open","sticky":false,"template":"","format":"standard","meta":{"footnotes":""},"categories":[6,3],"tags":[622,469,111,172],"class_list":["post-2903","post","type-post","status-publish","format-standard","hentry","category-articoli","category-seminari","tag-gruppi-di-terapia","tag-psicoterapia-di-gruppo-2","tag-psicoterapia-di-gruppo-carpi","tag-psicoterapia-di-gruppo-reggio-emilia"],"_links":{"self":[{"href":"https:\/\/www.psises.it\/index.php?rest_route=\/wp\/v2\/posts\/2903","targetHints":{"allow":["GET"]}}],"collection":[{"href":"https:\/\/www.psises.it\/index.php?rest_route=\/wp\/v2\/posts"}],"about":[{"href":"https:\/\/www.psises.it\/index.php?rest_route=\/wp\/v2\/types\/post"}],"author":[{"embeddable":true,"href":"https:\/\/www.psises.it\/index.php?rest_route=\/wp\/v2\/users\/2"}],"replies":[{"embeddable":true,"href":"https:\/\/www.psises.it\/index.php?rest_route=%2Fwp%2Fv2%2Fcomments&post=2903"}],"version-history":[{"count":3,"href":"https:\/\/www.psises.it\/index.php?rest_route=\/wp\/v2\/posts\/2903\/revisions"}],"predecessor-version":[{"id":2909,"href":"https:\/\/www.psises.it\/index.php?rest_route=\/wp\/v2\/posts\/2903\/revisions\/2909"}],"wp:attachment":[{"href":"https:\/\/www.psises.it\/index.php?rest_route=%2Fwp%2Fv2%2Fmedia&parent=2903"}],"wp:term":[{"taxonomy":"category","embeddable":true,"href":"https:\/\/www.psises.it\/index.php?rest_route=%2Fwp%2Fv2%2Fcategories&post=2903"},{"taxonomy":"post_tag","embeddable":true,"href":"https:\/\/www.psises.it\/index.php?rest_route=%2Fwp%2Fv2%2Ftags&post=2903"}],"curies":[{"name":"wp","href":"https:\/\/api.w.org\/{rel}","templated":true}]}}