{"id":1732,"date":"2013-03-22T17:19:01","date_gmt":"2013-03-22T16:19:01","guid":{"rendered":"http:\/\/www.psises.it\/?p=1732"},"modified":"2020-03-24T10:42:20","modified_gmt":"2020-03-24T09:42:20","slug":"primavera-mi-piace-significarla-cosi","status":"publish","type":"post","link":"https:\/\/www.psises.it\/?p=1732","title":{"rendered":"Primavera: mi piace significarla cos\u00ec"},"content":{"rendered":"<p><a href=\"http:\/\/www.psises.it\/wp-content\/uploads\/2013\/03\/accademia.jpg\"><img loading=\"lazy\" decoding=\"async\" class=\"alignleft size-medium wp-image-1733\" title=\"primavera\" src=\"http:\/\/www.psises.it\/wp-content\/uploads\/2013\/03\/accademia-e1363946734353-225x300.jpg\" alt=\"\" width=\"225\" height=\"300\" srcset=\"https:\/\/www.psises.it\/wp-content\/uploads\/2013\/03\/accademia-e1363946734353-225x300.jpg 225w, https:\/\/www.psises.it\/wp-content\/uploads\/2013\/03\/accademia-e1363946734353.jpg 240w\" sizes=\"auto, (max-width: 225px) 100vw, 225px\" \/><\/a><strong>Primavera<\/strong>. La mia stagione preferita. Per tutto ieri pensavo alla Primavera e mi veniva in mente LORENZO (che dopo alcuni anni di <a href=\"http:\/\/www.psises.it\/?page_id=14\">psicoterapia di gruppo<\/a> luned\u00ec ha salutato il gruppo). Questa mattina quando ho cercato l&#8217;etimo ho capito perch\u00e8:<\/p>\n<p><em>la primavera \u00e8 inizio. Inizio di splendore, per tutto, per tutti.<\/em><br \/>\n<em> Nei cieli freddi spazzati dal vento si fa spazio un caldo sole; la terra grassa al risveglio dal letargo inizia a fremere di margherite e si prepara a sollevare un manto smeraldino; le persone tornano ad uscire, vogliono levarsi i vestiti di dosso, riscoprono l&#8217;epidermico piacere del fuggire l&#8217;ombra.<\/em><br \/>\n<em> Cos\u00ec, anche gli equilibri del cuore tendono ad allungare il giorno dei sentimenti, nuova energia di nascita e creazione fluisce intorno a noi, e dentro &#8211; ed \u00e8 bene non farsela sfuggire, che ci metter\u00e0 un anno a tornare. Forse \u00e8 il momento pi\u00f9 sacro e tenero dell&#8217;immortale ciclo delle stagioni, l&#8217;<a href=\"http:\/\/unaparolaalgiorno.it\/significato\/O\/occasione\">occasione<\/a> del <a href=\"http:\/\/unaparolaalgiorno.it\/significato\/R\/riscatto\">riscatto<\/a> e della <a href=\"http:\/\/unaparolaalgiorno.it\/significato\/P\/palingenesi\">palingenesi<\/a> (intesa come rinnovamento, rinascita, rigenerazione).<\/em><\/p>\n<p>Lorenzo ha deciso di raggiungere la sua amata in un altro paese, pi\u00f9 a Nord del Nord.<\/p>\n<p>Caro Lorenzo, grazie per questi anni in cui ci hai fatto partecipare alla tua crescita. Ho immaginato che sia giunta per te una nuova Primavera. La festa dei tuoi amici di gruppo, le comunicazioni intrise di passione, la grande emozione e commozione dello scorso luned\u00ec&#8230;, te le porterai con te, come parti del tuo bagaglio, della tua Mente, VOCI presenti dentro il tuo psichismo. Grazie a te e alla tua capacit\u00e0 emotiva, al progetto che hai lasciato ad ognuno dei tuoi amici, ci sei entrato dentro&#8230; Verremo a trovarti promesso. Certo non potr\u00e0 essere mai pi\u00f9 quella magica atmosfera che si respira nel bene e nel male (stare male per i fatti di vita dei partecipanti) durante le dinamiche di gruppo, ma di sicuro si riattiver\u00e0 la la memoria di Luned\u00ec e del tuo splendido percorso. Con te saluto tutte le persone che in questi anni hanno salutato il gruppo, in particolare Alessandra (nome di fantasia) che qualche mese fa ha lasciato con la tua stessa motivazione la psicoterapia di gruppo e anche la nostra terra.<\/p>\n<p>Cara Alessandra come sai valgono per te le stesse parole&#8230; Ti abbraccio<\/p>\n<p>Mi permetto un piccolo inciso: credo che l&#8217;Emilia stia vivendo un momento particolare della sua storia, che, anche se ancora iniziale, potrebbe prendere forma nei prossimi anni: andare in altri lidi alla ricerca di lavoro. E&#8217; un fenomeno doloroso, ne sono testimone io, che anni fa ho lasciato la mia amata Puglia, ma \u00e8 anche una possibilit\u00e0, se vissuta come Primavera.<\/p>\n<p>Auguro a te e alla tua compagna una bella stagione&#8230; In bocca al lupo Lorenzo e buona continuazione della tua Primavera\u00a0 cara Alessandra&#8230;<\/p>\n<p>Buona NUOVA Primavera a tutti voi lettori&#8230;<\/p>\n","protected":false},"excerpt":{"rendered":"<p>Primavera. La mia stagione preferita. Per tutto ieri pensavo alla Primavera e mi veniva in mente LORENZO (che dopo alcuni anni di psicoterapia di gruppo luned\u00ec ha salutato il gruppo). Questa mattina quando ho cercato l&#8217;etimo ho capito perch\u00e8: la primavera \u00e8 inizio. Inizio di splendore, per tutto, per tutti. Nei cieli freddi spazzati dal [&hellip;]<\/p>\n","protected":false},"author":2,"featured_media":0,"comment_status":"open","ping_status":"open","sticky":false,"template":"","format":"standard","meta":{"footnotes":""},"categories":[6],"tags":[470,469],"class_list":["post-1732","post","type-post","status-publish","format-standard","hentry","category-articoli","tag-nuova-primavera","tag-psicoterapia-di-gruppo-2"],"_links":{"self":[{"href":"https:\/\/www.psises.it\/index.php?rest_route=\/wp\/v2\/posts\/1732","targetHints":{"allow":["GET"]}}],"collection":[{"href":"https:\/\/www.psises.it\/index.php?rest_route=\/wp\/v2\/posts"}],"about":[{"href":"https:\/\/www.psises.it\/index.php?rest_route=\/wp\/v2\/types\/post"}],"author":[{"embeddable":true,"href":"https:\/\/www.psises.it\/index.php?rest_route=\/wp\/v2\/users\/2"}],"replies":[{"embeddable":true,"href":"https:\/\/www.psises.it\/index.php?rest_route=%2Fwp%2Fv2%2Fcomments&post=1732"}],"version-history":[{"count":6,"href":"https:\/\/www.psises.it\/index.php?rest_route=\/wp\/v2\/posts\/1732\/revisions"}],"predecessor-version":[{"id":1819,"href":"https:\/\/www.psises.it\/index.php?rest_route=\/wp\/v2\/posts\/1732\/revisions\/1819"}],"wp:attachment":[{"href":"https:\/\/www.psises.it\/index.php?rest_route=%2Fwp%2Fv2%2Fmedia&parent=1732"}],"wp:term":[{"taxonomy":"category","embeddable":true,"href":"https:\/\/www.psises.it\/index.php?rest_route=%2Fwp%2Fv2%2Fcategories&post=1732"},{"taxonomy":"post_tag","embeddable":true,"href":"https:\/\/www.psises.it\/index.php?rest_route=%2Fwp%2Fv2%2Ftags&post=1732"}],"curies":[{"name":"wp","href":"https:\/\/api.w.org\/{rel}","templated":true}]}}