{"id":149,"date":"2011-07-05T08:03:18","date_gmt":"2011-07-05T06:03:18","guid":{"rendered":"http:\/\/www.psises.it\/?p=149"},"modified":"2020-03-24T10:42:25","modified_gmt":"2020-03-24T09:42:25","slug":"adolescenti-in-terapia","status":"publish","type":"post","link":"https:\/\/www.psises.it\/?p=149","title":{"rendered":"Adolescenti in psicoterapia&#8230;"},"content":{"rendered":"<p><a href=\"http:\/\/www.psises.it\/wp-content\/uploads\/2011\/07\/adolescem016.jpg\"><img loading=\"lazy\" decoding=\"async\" class=\"alignleft size-medium wp-image-160\" title=\"adolescem016\" src=\"http:\/\/www.psises.it\/wp-content\/uploads\/2011\/07\/adolescem016-211x300.jpg\" alt=\"\" width=\"211\" height=\"300\" srcset=\"https:\/\/www.psises.it\/wp-content\/uploads\/2011\/07\/adolescem016-211x300.jpg 211w, https:\/\/www.psises.it\/wp-content\/uploads\/2011\/07\/adolescem016.jpg 665w\" sizes=\"auto, (max-width: 211px) 100vw, 211px\" \/><\/a><\/p>\n<p>Diceva uno dei miei\u00a0 maestri di <a href=\"http:\/\/www.psises.it\/?tag=psicoterapia\">psicoterapia<\/a>: <em>&#8220;Un&#8217; esperienza meravigliosa avere un adolescente in psicoterapia. Vorrei che i miei pazienti avessero tutti massimo 20 anni per riuscire ad ottenere risultati che con gli adulti ti sogneresti. Gli adolescenti trasmettono purezza, giovinezza, creativit\u00e0, ideali e una particolare voglia di relazione e riconoscimento&#8230;&#8221;<\/em> e in realt\u00e0 lavorare con un adolescente apre ad un mondo in cui ci sono infiniti <em>alberi di possibilit\u00e0<\/em>.<\/p>\n<p>L&#8217;ultimo seminario sul tema l&#8217;ho chiamato ADOLESCENTI UN MONDO SEMPRE NUOVO E DIFFICILMENTE COMPRENSIBILE PER I NON ADDETTI AI LAVORI.<\/p>\n<p>Per i terapeuti che lavorano con i ragazzi, la difficolt\u00e0 maggiore \u00e8 la velocit\u00e0 di cambiamento delle regole e delle modalit\u00e0 relazionali dell&#8217;adolescente, dovuta a stimoli sempre nuovi, social network in continua evoluzione e crescita. Spesso sono gli adolescenti stessi ad aggiornare in seduta i terapeuti.<\/p>\n<p>Ci sono vissuti simili a quelle della nostra <a href=\"http:\/\/www.psises.it\/?tag=adolescenza\">adolescenza<\/a>: la scuola, le relazioni con i genitori e le relazioni con gli amici, comprese la pi\u00f9 o meno presenti e quasi sempre molto sofferte relazioni affettive. Ma cosa definisce il termine adolescenza?<\/p>\n<p>L&#8217;adolescenza \u00e8 una fase della vita che comincia con la <a href=\"http:\/\/www.psises.it\/?tag=pubert\u00e0\">pubert\u00e0<\/a>, generalmente intorno ai 14 anni per i maschi e ai 12 per le femmine, caratterizzata da tutte le trasformazioni somatiche e fisiologiche che determinano lo sviluppo delle funzioni riproduttive. In particolare compaiono i caratteri sessuali secondari: il <a href=\"http:\/\/www.psises.it\/?tag=menarca\">menarca<\/a> nella ragazza e il cambiamento nella voce del ragazzo; il corpo nel suo insieme inizia a trasformarsi in modo brusco e talvolta poco omogeneo e armonico. L\u2019adolescenza \u00e8 un periodo di vita caratterizzata da profonde trasformazioni fisiche, psicologiche e relazionali.<!--more--><\/p>\n<div>\u2022E\u2019 un periodo di grandi oscillazioni affettive, che vanno dall\u2019esaltazione euforica alla disperazione, di instabilit\u00e0 emotiva, di incoerenze, alla ricerca della propria identit\u00e0 personale e sociale.<\/div>\n<div>\u2022E\u2019 un periodo di grandi slanci affettivi, ideativi, estetici.<\/div>\n<div>\u2022E\u2019 un periodo di isolamento, chiusura in s\u00e9 stessi, grosse delusioni, momenti di tristezza, rabbia e sconforto.<\/div>\n<div>\n<div>L\u2019adolescenza \u00e8 metaforicamente un mare, spesso in tempesta, che il ragazzo\/a nella sua piccola e talvolta fragile imbarcazione, deve attraversare, cercando di mantenere la rotta, per trovare la sua isola: la sua identit\u00e0 e il senso della propria<a href=\"http:\/\/www.psises.it\/?tag=esistenza\"> esistenza<\/a>.<\/div>\n<div><\/div>\n<div>Il viaggio sar\u00e0 pi\u00f9 o meno interessante, lungo, esaltante, avventuroso, travagliato e pericoloso, a seconda delle precedenti conquiste personali, il bagaglio con il quale lo si affronta, cos\u00ec come della possibilit\u00e0 di contare sulla presenza rassicurante di valide e affidabili persone di riferimento, in special modo i genitori.<\/div>\n<div>I <a href=\"http:\/\/www.psises.it\/?tag=genitori\">genitori<\/a> rappresentano il faro che indica il porto sicuro, in cui trovare approdo nelle difficolt\u00e0 e da cui ripartire rinfrancati, per continuare il viaggio, per nuove esplorazioni e conquiste. Costituiscono il modello a cui ispirarsi e da cui differenziarsi.<\/div>\n<div>Alcuni adulti significativi e il gruppo dei coetanei\u00a0 sono le altre figure di riferimento.<\/div>\n<div>Lavorare con gli <a href=\"http:\/\/www.psises.it\/?tag=adolescenti-in terapia\">adolescenti in terapia<\/a> significa non sottovalutare le figure di riferimento, ma darne significato sistemico nella dinamica relazionale.<\/div>\n<div><a href=\"http:\/\/www.psises.it\/wp-content\/uploads\/2011\/07\/ad1.jpg\"><img loading=\"lazy\" decoding=\"async\" class=\"alignleft size-medium wp-image-158\" title=\"ad1\" src=\"http:\/\/www.psises.it\/wp-content\/uploads\/2011\/07\/ad1-224x300.jpg\" alt=\"\" width=\"224\" height=\"300\" srcset=\"https:\/\/www.psises.it\/wp-content\/uploads\/2011\/07\/ad1-224x300.jpg 224w, https:\/\/www.psises.it\/wp-content\/uploads\/2011\/07\/ad1.jpg 226w\" sizes=\"auto, (max-width: 224px) 100vw, 224px\" \/><\/a><\/div>\n<\/div>\n","protected":false},"excerpt":{"rendered":"<p>Diceva uno dei miei\u00a0 maestri di psicoterapia: &#8220;Un&#8217; esperienza meravigliosa avere un adolescente in psicoterapia. Vorrei che i miei pazienti avessero tutti massimo 20 anni per riuscire ad ottenere risultati che con gli adulti ti sogneresti. Gli adolescenti trasmettono purezza, giovinezza, creativit\u00e0, ideali e una particolare voglia di relazione e riconoscimento&#8230;&#8221; e in realt\u00e0 lavorare [&hellip;]<\/p>\n","protected":false},"author":2,"featured_media":0,"comment_status":"open","ping_status":"open","sticky":false,"template":"","format":"standard","meta":{"footnotes":""},"categories":[6],"tags":[9,257,260,11,259,262,12,258,10],"class_list":["post-149","post","type-post","status-publish","format-standard","hentry","category-articoli","tag-adolescenti","tag-adolescenza","tag-esistenza","tag-famiglia","tag-genitori","tag-menarca","tag-psicoterapia","tag-puberta","tag-scuole"],"_links":{"self":[{"href":"https:\/\/www.psises.it\/index.php?rest_route=\/wp\/v2\/posts\/149","targetHints":{"allow":["GET"]}}],"collection":[{"href":"https:\/\/www.psises.it\/index.php?rest_route=\/wp\/v2\/posts"}],"about":[{"href":"https:\/\/www.psises.it\/index.php?rest_route=\/wp\/v2\/types\/post"}],"author":[{"embeddable":true,"href":"https:\/\/www.psises.it\/index.php?rest_route=\/wp\/v2\/users\/2"}],"replies":[{"embeddable":true,"href":"https:\/\/www.psises.it\/index.php?rest_route=%2Fwp%2Fv2%2Fcomments&post=149"}],"version-history":[{"count":16,"href":"https:\/\/www.psises.it\/index.php?rest_route=\/wp\/v2\/posts\/149\/revisions"}],"predecessor-version":[{"id":3922,"href":"https:\/\/www.psises.it\/index.php?rest_route=\/wp\/v2\/posts\/149\/revisions\/3922"}],"wp:attachment":[{"href":"https:\/\/www.psises.it\/index.php?rest_route=%2Fwp%2Fv2%2Fmedia&parent=149"}],"wp:term":[{"taxonomy":"category","embeddable":true,"href":"https:\/\/www.psises.it\/index.php?rest_route=%2Fwp%2Fv2%2Fcategories&post=149"},{"taxonomy":"post_tag","embeddable":true,"href":"https:\/\/www.psises.it\/index.php?rest_route=%2Fwp%2Fv2%2Ftags&post=149"}],"curies":[{"name":"wp","href":"https:\/\/api.w.org\/{rel}","templated":true}]}}